{"id":31399,"date":"2025-06-18T11:04:21","date_gmt":"2025-06-18T14:04:21","guid":{"rendered":"https:\/\/paraquenos.com.ar\/?p=31399"},"modified":"2025-06-18T11:26:42","modified_gmt":"2025-06-18T14:26:42","slug":"celebramos-juntos-50-anos-de-drovet-en-su-congreso-latinoamericano","status":"publish","type":"post","link":"https:\/\/paraquenos.com.ar\/en\/celebramos-juntos-50-anos-de-drovet-en-su-congreso-latinoamericano\/","title":{"rendered":"Celebramos juntos 50 a\u00f1os de Drovet en su Congreso Veterinario Latinoamericano"},"content":{"rendered":"\n<p>El 13 y 14 de junio participamos con orgullo en la 9na edici\u00f3n del Congreso Veterinario Latinoamericano organizado por Drovet, que se llev\u00f3 a cabo en el Sal\u00f3n Metropolitano de Rosario. Dos jornadas intensas que reunieron a veterinarios y productores de todo el pa\u00eds y la regi\u00f3n, en un espacio dedicado al aprendizaje y la innovaci\u00f3n en salud animal.<\/p>\n\n\n\n<p>Este a\u00f1o, el evento tuvo un sabor especial: <strong>Drovet celebr\u00f3 sus 50 a\u00f1os de trayectoria<\/strong>. Desde nuestro laboratorio, acompa\u00f1amos este hito con una propuesta renovada y una fuerte apuesta al futuro. Presentamos dos grandes novedades que marcar\u00e1n nuestra agenda 2025:<\/p>\n\n\n\n<ul class=\"wp-block-list\">\n<li><strong>El Fortach\u00f3n<\/strong>, un <strong>kit completo para bovinos<\/strong> que re\u00fane suplementos inyectables clave para fortalecer al animal en etapas cr\u00edticas como el destete, el post-parto o los traslados.<\/li>\n\n\n\n<li>La <strong>l\u00ednea de bioactivos Nutrapro<\/strong>, pensada para <strong>animales de compa\u00f1\u00eda<\/strong>, con f\u00f3rmulas dise\u00f1adas para acompa\u00f1ar diferentes etapas y necesidades del bienestar animal.<\/li>\n<\/ul>\n\n\n\n<p>Adem\u00e1s, nuestro stand fue punto de encuentro, intercambio\u2026 \u00a1y tambi\u00e9n de juego! Muchos se acercaron a participar de nuestra <strong>ruleta<\/strong>, que sum\u00f3 un toque l\u00fadico a la jornada y nos permiti\u00f3 compartir momentos m\u00e1s distendidos con colegas y amigos del sector.<\/p>\n\n\n\n<p>Agradecemos a todos los que nos visitaron, se interesaron por nuestras novedades y compartieron su experiencia. <\/p>\n\n\n\n<p>Pod\u00e9s mirar la galer\u00eda de fotos en <a href=\"https:\/\/www.instagram.com\/p\/DLCsoJOOjAm\/?img_index=1\">nuestras redes.<\/a><\/p>\n\n\n\n<p>\u00a1Hasta el pr\u00f3ximo!<\/p>\n\n\n\n<p><\/p>\n","protected":false},"excerpt":{"rendered":"<p>El 13 y 14 de junio participamos con orgullo en la 9na edici\u00f3n del Congreso Veterinario Latinoamericano organizado por Drovet, que se llev\u00f3 a cabo en el Sal\u00f3n Metropolitano de Rosario. Dos jornadas intensas que reunieron a veterinarios y productores de todo el pa\u00eds y la regi\u00f3n, en un espacio dedicado al aprendizaje y la innovaci\u00f3n en salud animal. Este a\u00f1o, el evento tuvo un sabor especial: Drovet celebr\u00f3 sus 50 a\u00f1os de trayectoria. Desde nuestro laboratorio, acompa\u00f1amos este hito con una propuesta renovada y una fuerte apuesta al futuro. Presentamos dos grandes novedades que marcar\u00e1n nuestra agenda 2025: Adem\u00e1s, nuestro stand fue punto de encuentro, intercambio\u2026 \u00a1y tambi\u00e9n de juego! Muchos se acercaron a participar de nuestra ruleta, que sum\u00f3 un toque l\u00fadico a la jornada y nos permiti\u00f3 compartir momentos m\u00e1s distendidos con colegas y amigos del sector. Agradecemos a todos los que nos visitaron, se interesaron por nuestras novedades y compartieron su experiencia. Pod\u00e9s mirar la galer\u00eda de fotos en nuestras redes. \u00a1Hasta el pr\u00f3ximo!<\/p>\n","protected":false},"author":3,"featured_media":31400,"comment_status":"open","ping_status":"closed","sticky":false,"template":"","format":"standard","meta":{"_acf_changed":false,"footnotes":""},"categories":[196],"tags":[],"class_list":["post-31399","post","type-post","status-publish","format-standard","has-post-thumbnail","hentry","category-relaciones-institucionales"],"acf":[],"_links":{"self":[{"href":"https:\/\/paraquenos.com.ar\/en\/wp-json\/wp\/v2\/posts\/31399","targetHints":{"allow":["GET"]}}],"collection":[{"href":"https:\/\/paraquenos.com.ar\/en\/wp-json\/wp\/v2\/posts"}],"about":[{"href":"https:\/\/paraquenos.com.ar\/en\/wp-json\/wp\/v2\/types\/post"}],"author":[{"embeddable":true,"href":"https:\/\/paraquenos.com.ar\/en\/wp-json\/wp\/v2\/users\/3"}],"replies":[{"embeddable":true,"href":"https:\/\/paraquenos.com.ar\/en\/wp-json\/wp\/v2\/comments?post=31399"}],"version-history":[{"count":5,"href":"https:\/\/paraquenos.com.ar\/en\/wp-json\/wp\/v2\/posts\/31399\/revisions"}],"predecessor-version":[{"id":31406,"href":"https:\/\/paraquenos.com.ar\/en\/wp-json\/wp\/v2\/posts\/31399\/revisions\/31406"}],"wp:featuredmedia":[{"embeddable":true,"href":"https:\/\/paraquenos.com.ar\/en\/wp-json\/wp\/v2\/media\/31400"}],"wp:attachment":[{"href":"https:\/\/paraquenos.com.ar\/en\/wp-json\/wp\/v2\/media?parent=31399"}],"wp:term":[{"taxonomy":"category","embeddable":true,"href":"https:\/\/paraquenos.com.ar\/en\/wp-json\/wp\/v2\/categories?post=31399"},{"taxonomy":"post_tag","embeddable":true,"href":"https:\/\/paraquenos.com.ar\/en\/wp-json\/wp\/v2\/tags?post=31399"}],"curies":[{"name":"wp","href":"https:\/\/api.w.org\/{rel}","templated":true}]}}