{"id":29680,"date":"2024-10-15T14:00:37","date_gmt":"2024-10-15T17:00:37","guid":{"rendered":"https:\/\/paraquenos.com.ar\/?p=29680"},"modified":"2024-10-15T14:00:39","modified_gmt":"2024-10-15T17:00:39","slug":"gracias-por-acompanarnos-en-el-congreso-nacional-aveaca","status":"publish","type":"post","link":"https:\/\/paraquenos.com.ar\/pb\/gracias-por-acompanarnos-en-el-congreso-nacional-aveaca\/","title":{"rendered":"\u00a1Gracias por acompa\u00f1arnos en el Congreso Nacional Aveaca!"},"content":{"rendered":"\n<p>Un nuevo a\u00f1o estuvimos presentes en el Congreso Nacional Aveaca el pasado 10 y 11 de octubre en el Palais Rouge. Durante estos dos d\u00edas, tuvimos la oportunidad de presentar oficialmente nuestro nuevo producto: <strong>Helmintex Suspension Cachorros<\/strong>, dise\u00f1ado espec\u00edficamente para el cuidado y bienestar de los m\u00e1s peque\u00f1os.<\/p>\n\n\n\n<p>Queremos agradecer a toda la comunidad veterinaria que se acerc\u00f3 a nuestro stand. Fue un placer conocerlos y compartir las novedades que traemos para el cuidado de las mascotas. Tambi\u00e9n agradecemos a quienes participaron en nuestros sorteos y disfrutaron de los regalos que preparamos con tanto cari\u00f1o.<\/p>\n\n\n\n<p>El congreso no solo fue una gran oportunidad para mostrar lo nuevo, sino tambi\u00e9n para disfrutar de valiosas charlas, capacitaciones y el intercambio de ideas y experiencias con colegas. Sin duda, estos encuentros nos enriquecen y nos ayudan a seguir creciendo juntos.<\/p>\n\n\n\n<p>Estamos muy contentos con todo lo vivido y ya estamos pensando en el pr\u00f3ximo. \u00a1Nos vemos pronto!<\/p>\n","protected":false},"excerpt":{"rendered":"<p>Un nuevo a\u00f1o estuvimos presentes en el Congreso Nacional Aveaca el pasado 10 y 11 de octubre en el Palais Rouge. Durante estos dos d\u00edas, tuvimos la oportunidad de presentar oficialmente nuestro nuevo producto: Helmintex Suspension Cachorros, dise\u00f1ado espec\u00edficamente para el cuidado y bienestar de los m\u00e1s peque\u00f1os. Queremos agradecer a toda la comunidad veterinaria que se acerc\u00f3 a nuestro stand. Fue un placer conocerlos y compartir las novedades que traemos para el cuidado de las mascotas. Tambi\u00e9n agradecemos a quienes participaron en nuestros sorteos y disfrutaron de los regalos que preparamos con tanto cari\u00f1o. El congreso no solo fue una gran oportunidad para mostrar lo nuevo, sino tambi\u00e9n para disfrutar de valiosas charlas, capacitaciones y el intercambio de ideas y experiencias con colegas. Sin duda, estos encuentros nos enriquecen y nos ayudan a seguir creciendo juntos. Estamos muy contentos con todo lo vivido y ya estamos pensando en el pr\u00f3ximo. \u00a1Nos vemos pronto!<\/p>\n","protected":false},"author":3,"featured_media":29681,"comment_status":"open","ping_status":"closed","sticky":false,"template":"","format":"standard","meta":{"_acf_changed":false,"footnotes":""},"categories":[98,196],"tags":[],"class_list":["post-29680","post","type-post","status-publish","format-standard","has-post-thumbnail","hentry","category-novedades","category-relaciones-institucionales"],"acf":[],"_links":{"self":[{"href":"https:\/\/paraquenos.com.ar\/pb\/wp-json\/wp\/v2\/posts\/29680","targetHints":{"allow":["GET"]}}],"collection":[{"href":"https:\/\/paraquenos.com.ar\/pb\/wp-json\/wp\/v2\/posts"}],"about":[{"href":"https:\/\/paraquenos.com.ar\/pb\/wp-json\/wp\/v2\/types\/post"}],"author":[{"embeddable":true,"href":"https:\/\/paraquenos.com.ar\/pb\/wp-json\/wp\/v2\/users\/3"}],"replies":[{"embeddable":true,"href":"https:\/\/paraquenos.com.ar\/pb\/wp-json\/wp\/v2\/comments?post=29680"}],"version-history":[{"count":1,"href":"https:\/\/paraquenos.com.ar\/pb\/wp-json\/wp\/v2\/posts\/29680\/revisions"}],"predecessor-version":[{"id":29682,"href":"https:\/\/paraquenos.com.ar\/pb\/wp-json\/wp\/v2\/posts\/29680\/revisions\/29682"}],"wp:featuredmedia":[{"embeddable":true,"href":"https:\/\/paraquenos.com.ar\/pb\/wp-json\/wp\/v2\/media\/29681"}],"wp:attachment":[{"href":"https:\/\/paraquenos.com.ar\/pb\/wp-json\/wp\/v2\/media?parent=29680"}],"wp:term":[{"taxonomy":"category","embeddable":true,"href":"https:\/\/paraquenos.com.ar\/pb\/wp-json\/wp\/v2\/categories?post=29680"},{"taxonomy":"post_tag","embeddable":true,"href":"https:\/\/paraquenos.com.ar\/pb\/wp-json\/wp\/v2\/tags?post=29680"}],"curies":[{"name":"wp","href":"https:\/\/api.w.org\/{rel}","templated":true}]}}